{"id":3639,"date":"2021-02-21T15:44:44","date_gmt":"2021-02-21T14:44:44","guid":{"rendered":"http:\/\/karsten-seiferlin.ch\/?p=3639"},"modified":"2021-02-21T16:38:35","modified_gmt":"2021-02-21T15:38:35","slug":"conchiglioni-alla-scatola","status":"publish","type":"post","link":"http:\/\/karsten-seiferlin.ch\/?p=3639","title":{"rendered":"Conchiglioni alla Scatola"},"content":{"rendered":"\n<p>Alla Scatola? Nach Art der Schachtel? Das ist aber ein seltsamer Name f\u00fcr ein Pasta-Gericht. Aber der Reihe nach&#8230;<\/p>\n\n\n\n<figure class=\"wp-block-image size-large\"><img data-recalc-dims=\"1\" loading=\"lazy\" decoding=\"async\" width=\"525\" height=\"394\" src=\"https:\/\/i0.wp.com\/karsten-seiferlin.ch\/wp-content\/uploads\/2021\/02\/img_0982.jpg?resize=525%2C394\" alt=\"\" class=\"wp-image-3640\" srcset=\"https:\/\/i0.wp.com\/karsten-seiferlin.ch\/wp-content\/uploads\/2021\/02\/img_0982.jpg?resize=1024%2C768 1024w, https:\/\/i0.wp.com\/karsten-seiferlin.ch\/wp-content\/uploads\/2021\/02\/img_0982.jpg?resize=300%2C225 300w, https:\/\/i0.wp.com\/karsten-seiferlin.ch\/wp-content\/uploads\/2021\/02\/img_0982.jpg?resize=768%2C576 768w, https:\/\/i0.wp.com\/karsten-seiferlin.ch\/wp-content\/uploads\/2021\/02\/img_0982.jpg?resize=1536%2C1152 1536w, https:\/\/i0.wp.com\/karsten-seiferlin.ch\/wp-content\/uploads\/2021\/02\/img_0982.jpg?w=2000 2000w\" sizes=\"auto, (max-width: 767px) 89vw, (max-width: 1000px) 54vw, (max-width: 1071px) 543px, 580px\" \/><\/figure>\n\n\n\n<!--more-->\n\n\n\n<h2 class=\"wp-block-heading\">Wer hat&#8217;s erfunden?<\/h2>\n\n\n\n<p><strong>Ich<\/strong> hab das Rezept <strong>nicht erfunden<\/strong>, allerdings an mehreren Stellen ver\u00e4ndert und erweitert. Und den Namen hab ich ihm gegeben.<\/p>\n\n\n\n<p>Ich habe das Ursprungsrezept in der <strong>Republik<\/strong> in einem <a href=\"https:\/\/www.republik.ch\/2021\/01\/07\/trost-mahlzeit\">Artikel von Michael R\u00fcegg<\/a> gelesen. Aber <strong>er<\/strong> hat das Rezept <strong>nicht erfunden<\/strong>. <\/p>\n\n\n\n<div class=\"wp-block-image\"><figure class=\"aligncenter size-medium\"><img data-recalc-dims=\"1\" loading=\"lazy\" decoding=\"async\" width=\"300\" height=\"173\" src=\"https:\/\/i0.wp.com\/karsten-seiferlin.ch\/wp-content\/uploads\/2021\/02\/img_0851.jpg?resize=300%2C173\" alt=\"\" class=\"wp-image-3652\" srcset=\"https:\/\/i0.wp.com\/karsten-seiferlin.ch\/wp-content\/uploads\/2021\/02\/img_0851.jpg?resize=300%2C173 300w, https:\/\/i0.wp.com\/karsten-seiferlin.ch\/wp-content\/uploads\/2021\/02\/img_0851.jpg?resize=1024%2C592 1024w, https:\/\/i0.wp.com\/karsten-seiferlin.ch\/wp-content\/uploads\/2021\/02\/img_0851.jpg?resize=768%2C444 768w, https:\/\/i0.wp.com\/karsten-seiferlin.ch\/wp-content\/uploads\/2021\/02\/img_0851.jpg?resize=1536%2C888 1536w, https:\/\/i0.wp.com\/karsten-seiferlin.ch\/wp-content\/uploads\/2021\/02\/img_0851.jpg?w=2000 2000w\" sizes=\"auto, (max-width: 300px) 100vw, 300px\" \/><\/figure><\/div>\n\n\n\n<p>Er hat es w\u00e4hrend seines USA Austauschjahres in seiner Jugend kennengelernt. Der Gastvater hat es regelm\u00e4ssig gekocht. Aber <strong>der<\/strong> hat es auch <strong>nicht erfunden<\/strong>.<\/p>\n\n\n\n<p>Er hat es auf einer Schachtel gelesen, in der die Conchiglioni verkauft wurden. Wir werden also nie erfahren, wer es urspr\u00fcnglich erfunden hat. Aber das mit der Schachtel erkl\u00e4rt doch jetzt, warum ich das Gericht &#8222;alla Scatola&#8220; genannt habe.<\/p>\n\n\n\n<h2 class=\"wp-block-heading\">Wir brauchen:<\/h2>\n\n\n\n<ul class=\"wp-block-list\"><li>Conchiglioni<\/li><li>Ricotta<\/li><li>Pelati (Dosentomaten)<\/li><li>Parmesan<\/li><li>Rosinen<\/li><li>Aceto Balsamico<\/li><li>Zitronat (kommt im Original nicht vor)<\/li><li>Condimento Bianco (fr\u00fcher f\u00e4lschlicherweise als weisser Balsamessig vermarktet, kommt im Original nicht vor)<\/li><li>Knoblauch<\/li><li>Gehobelte Mandeln (kommt im Original nicht vor)<\/li><li>Marsala (im Original wird Portwein verwendet)<\/li><li>Kapern (kommt im Original nicht vor)<\/li><li>Sardellen (kommt im Original nicht vor)<\/li><li><a href=\"https:\/\/de.wikipedia.org\/wiki\/Colatura_di_Alici_(di_Cetara)\">Colatura di Alici<\/a> (kommt im Original nicht vor)<\/li><\/ul>\n\n\n\n<div class=\"wp-block-image\"><figure class=\"aligncenter size-medium\"><img data-recalc-dims=\"1\" loading=\"lazy\" decoding=\"async\" width=\"225\" height=\"300\" src=\"https:\/\/i0.wp.com\/karsten-seiferlin.ch\/wp-content\/uploads\/2021\/02\/img_0972.jpg?resize=225%2C300\" alt=\"\" class=\"wp-image-3644\" srcset=\"https:\/\/i0.wp.com\/karsten-seiferlin.ch\/wp-content\/uploads\/2021\/02\/img_0972.jpg?resize=225%2C300 225w, https:\/\/i0.wp.com\/karsten-seiferlin.ch\/wp-content\/uploads\/2021\/02\/img_0972.jpg?resize=768%2C1024 768w, https:\/\/i0.wp.com\/karsten-seiferlin.ch\/wp-content\/uploads\/2021\/02\/img_0972.jpg?resize=1152%2C1536 1152w, https:\/\/i0.wp.com\/karsten-seiferlin.ch\/wp-content\/uploads\/2021\/02\/img_0972.jpg?w=1500 1500w, https:\/\/i0.wp.com\/karsten-seiferlin.ch\/wp-content\/uploads\/2021\/02\/img_0972.jpg?w=1050 1050w\" sizes=\"auto, (max-width: 225px) 100vw, 225px\" \/><figcaption><a href=\"https:\/\/de.wikipedia.org\/wiki\/Colatura_di_Alici_(di_Cetara)\">Colatura di Alici<\/a><\/figcaption><\/figure><\/div>\n\n\n\n<h2 class=\"wp-block-heading\">Zubereitung<\/h2>\n\n\n\n<div class=\"wp-block-media-text alignwide is-stacked-on-mobile\"><figure class=\"wp-block-media-text__media\"><img data-recalc-dims=\"1\" loading=\"lazy\" decoding=\"async\" width=\"525\" height=\"394\" src=\"https:\/\/i0.wp.com\/karsten-seiferlin.ch\/wp-content\/uploads\/2021\/02\/img_0970.jpg?resize=525%2C394\" alt=\"\" class=\"wp-image-3646 size-full\" srcset=\"https:\/\/i0.wp.com\/karsten-seiferlin.ch\/wp-content\/uploads\/2021\/02\/img_0970.jpg?w=2000 2000w, https:\/\/i0.wp.com\/karsten-seiferlin.ch\/wp-content\/uploads\/2021\/02\/img_0970.jpg?resize=300%2C225 300w, https:\/\/i0.wp.com\/karsten-seiferlin.ch\/wp-content\/uploads\/2021\/02\/img_0970.jpg?resize=1024%2C768 1024w, https:\/\/i0.wp.com\/karsten-seiferlin.ch\/wp-content\/uploads\/2021\/02\/img_0970.jpg?resize=768%2C576 768w, https:\/\/i0.wp.com\/karsten-seiferlin.ch\/wp-content\/uploads\/2021\/02\/img_0970.jpg?resize=1536%2C1152 1536w\" sizes=\"auto, (max-width: 767px) 89vw, (max-width: 1000px) 54vw, (max-width: 1071px) 543px, 580px\" \/><\/figure><div class=\"wp-block-media-text__content\">\n<p>Rosinen in Aceto Baslamico einlegen und einige Stunden oder \u00fcber Nacht ziehen lassen.<\/p>\n\n\n\n<p>Zitronat in Condimento Bianco einlegen und ebenso ziehen lassen. Im Originalrezept kommt das nicht vor, aber mich hat das ganze Rezept irgendwie an Sizilien erinnert, und meine Erg\u00e4nzungen und Variationen sind dadurch inspiriert.<\/p>\n\n\n\n<p>Beim n\u00e4chsten mal werde ich vielleicht statt des Zitronats eine Viertel Orange in kleine St\u00fcckchen schneiden und sie in Campari einlegen.<\/p>\n<\/div><\/div>\n\n\n\n<div class=\"wp-block-media-text alignwide has-media-on-the-right is-stacked-on-mobile\"><figure class=\"wp-block-media-text__media\"><img data-recalc-dims=\"1\" loading=\"lazy\" decoding=\"async\" width=\"525\" height=\"394\" src=\"https:\/\/i0.wp.com\/karsten-seiferlin.ch\/wp-content\/uploads\/2021\/02\/img_0971.jpg?resize=525%2C394\" alt=\"\" class=\"wp-image-3647 size-full\" srcset=\"https:\/\/i0.wp.com\/karsten-seiferlin.ch\/wp-content\/uploads\/2021\/02\/img_0971.jpg?w=2000 2000w, https:\/\/i0.wp.com\/karsten-seiferlin.ch\/wp-content\/uploads\/2021\/02\/img_0971.jpg?resize=300%2C225 300w, https:\/\/i0.wp.com\/karsten-seiferlin.ch\/wp-content\/uploads\/2021\/02\/img_0971.jpg?resize=1024%2C768 1024w, https:\/\/i0.wp.com\/karsten-seiferlin.ch\/wp-content\/uploads\/2021\/02\/img_0971.jpg?resize=768%2C576 768w, https:\/\/i0.wp.com\/karsten-seiferlin.ch\/wp-content\/uploads\/2021\/02\/img_0971.jpg?resize=1536%2C1152 1536w\" sizes=\"auto, (max-width: 767px) 89vw, (max-width: 1000px) 54vw, (max-width: 1071px) 543px, 580px\" \/><\/figure><div class=\"wp-block-media-text__content\">\n<p>Rosinen und Zitronat ohne den Essig mit dem Ricotta vermischen. Vorsichtig salzen und Pfeffern.<\/p>\n\n\n\n<p>Im Original wird nun Parmesan zum Ricotta gegeben, um die S\u00fcsse der Rosinen mit dem Salz des Parmesan zu balanzieren. Gute Idee, aber wir k\u00f6nnen das nicht machen, denn Parmesan und Fisch ist meistens gar keine gute Mischung. Deswegen warten wir mit dem Parmesan noch ab.<\/p>\n<\/div><\/div>\n\n\n\n<div class=\"wp-block-media-text alignwide is-stacked-on-mobile\"><figure class=\"wp-block-media-text__media\"><img data-recalc-dims=\"1\" loading=\"lazy\" decoding=\"async\" width=\"525\" height=\"394\" src=\"https:\/\/i0.wp.com\/karsten-seiferlin.ch\/wp-content\/uploads\/2021\/02\/img_0974.jpg?resize=525%2C394\" alt=\"\" class=\"wp-image-3648 size-full\" srcset=\"https:\/\/i0.wp.com\/karsten-seiferlin.ch\/wp-content\/uploads\/2021\/02\/img_0974.jpg?w=2000 2000w, https:\/\/i0.wp.com\/karsten-seiferlin.ch\/wp-content\/uploads\/2021\/02\/img_0974.jpg?resize=300%2C225 300w, https:\/\/i0.wp.com\/karsten-seiferlin.ch\/wp-content\/uploads\/2021\/02\/img_0974.jpg?resize=1024%2C768 1024w, https:\/\/i0.wp.com\/karsten-seiferlin.ch\/wp-content\/uploads\/2021\/02\/img_0974.jpg?resize=768%2C576 768w, https:\/\/i0.wp.com\/karsten-seiferlin.ch\/wp-content\/uploads\/2021\/02\/img_0974.jpg?resize=1536%2C1152 1536w\" sizes=\"auto, (max-width: 767px) 89vw, (max-width: 1000px) 54vw, (max-width: 1071px) 543px, 580px\" \/><\/figure><div class=\"wp-block-media-text__content\">\n<p>Knoblach grob hacken und zusammen mit den gehobelten Mandeln in Oliven\u00f6l anschwitzen.<\/p>\n\n\n\n<p>Gehackte oder p\u00fcrierte Dosentomaten zugeben. Kurz aufkochen, mit Salz und Pfeffer abschmecken und mit einem kr\u00e4ftigen Schuss Marsala Richtung Sizilien schieben.<\/p>\n<\/div><\/div>\n\n\n\n<div class=\"wp-block-media-text alignwide has-media-on-the-right is-stacked-on-mobile\"><figure class=\"wp-block-media-text__media\"><img data-recalc-dims=\"1\" loading=\"lazy\" decoding=\"async\" width=\"525\" height=\"394\" src=\"https:\/\/i0.wp.com\/karsten-seiferlin.ch\/wp-content\/uploads\/2021\/02\/img_0973.jpg?resize=525%2C394\" alt=\"\" class=\"wp-image-3649 size-full\" srcset=\"https:\/\/i0.wp.com\/karsten-seiferlin.ch\/wp-content\/uploads\/2021\/02\/img_0973.jpg?w=2000 2000w, https:\/\/i0.wp.com\/karsten-seiferlin.ch\/wp-content\/uploads\/2021\/02\/img_0973.jpg?resize=300%2C225 300w, https:\/\/i0.wp.com\/karsten-seiferlin.ch\/wp-content\/uploads\/2021\/02\/img_0973.jpg?resize=1024%2C768 1024w, https:\/\/i0.wp.com\/karsten-seiferlin.ch\/wp-content\/uploads\/2021\/02\/img_0973.jpg?resize=768%2C576 768w, https:\/\/i0.wp.com\/karsten-seiferlin.ch\/wp-content\/uploads\/2021\/02\/img_0973.jpg?resize=1536%2C1152 1536w\" sizes=\"auto, (max-width: 767px) 89vw, (max-width: 1000px) 54vw, (max-width: 1071px) 543px, 580px\" \/><\/figure><div class=\"wp-block-media-text__content\">\n<p>Sardellen und Kapern im \u00d6l aus der Sardellendose anschwitzen und gelegentlich r\u00fchren. Die Sardellen zerfallen meist von selbst zu einem Brei. Mit Colatura di Alici abschmecken (1-2 Teel\u00f6ffel).<\/p>\n\n\n\n<p>Die H\u00e4lfte der im letzten Schritt gekochten Tomatensauce zu den Sardellen geben.<\/p>\n<\/div><\/div>\n\n\n\n<div class=\"wp-block-media-text alignwide is-stacked-on-mobile\"><figure class=\"wp-block-media-text__media\"><img data-recalc-dims=\"1\" loading=\"lazy\" decoding=\"async\" width=\"525\" height=\"394\" src=\"https:\/\/i0.wp.com\/karsten-seiferlin.ch\/wp-content\/uploads\/2021\/02\/img_0977.jpg?resize=525%2C394\" alt=\"\" class=\"wp-image-3650 size-full\" srcset=\"https:\/\/i0.wp.com\/karsten-seiferlin.ch\/wp-content\/uploads\/2021\/02\/img_0977.jpg?w=2000 2000w, https:\/\/i0.wp.com\/karsten-seiferlin.ch\/wp-content\/uploads\/2021\/02\/img_0977.jpg?resize=300%2C225 300w, https:\/\/i0.wp.com\/karsten-seiferlin.ch\/wp-content\/uploads\/2021\/02\/img_0977.jpg?resize=1024%2C768 1024w, https:\/\/i0.wp.com\/karsten-seiferlin.ch\/wp-content\/uploads\/2021\/02\/img_0977.jpg?resize=768%2C576 768w, https:\/\/i0.wp.com\/karsten-seiferlin.ch\/wp-content\/uploads\/2021\/02\/img_0977.jpg?resize=1536%2C1152 1536w\" sizes=\"auto, (max-width: 767px) 89vw, (max-width: 1000px) 54vw, (max-width: 1071px) 543px, 580px\" \/><\/figure><div class=\"wp-block-media-text__content\">\n<p>Conchiglioni nicht ganz fertig kochen. Sie sollten biegbar aber deutlich bissfest sein.<\/p>\n\n\n\n<p>Jetzt kann man jede einzelne Muschel wie eine Handpuppe, die mit den Lippen eine passende Menge Ricotta aus dem Topf nascht, einsetzen. Das macht Spass!<\/p>\n<\/div><\/div>\n\n\n\n<div class=\"wp-block-media-text alignwide has-media-on-the-right is-stacked-on-mobile\"><figure class=\"wp-block-media-text__media\"><img data-recalc-dims=\"1\" loading=\"lazy\" decoding=\"async\" width=\"525\" height=\"559\" src=\"https:\/\/i0.wp.com\/karsten-seiferlin.ch\/wp-content\/uploads\/2021\/02\/image-1.jpg?resize=525%2C559\" alt=\"\" class=\"wp-image-3655 size-full\" srcset=\"https:\/\/i0.wp.com\/karsten-seiferlin.ch\/wp-content\/uploads\/2021\/02\/image-1.jpg?w=1386 1386w, https:\/\/i0.wp.com\/karsten-seiferlin.ch\/wp-content\/uploads\/2021\/02\/image-1.jpg?resize=282%2C300 282w, https:\/\/i0.wp.com\/karsten-seiferlin.ch\/wp-content\/uploads\/2021\/02\/image-1.jpg?resize=962%2C1024 962w, https:\/\/i0.wp.com\/karsten-seiferlin.ch\/wp-content\/uploads\/2021\/02\/image-1.jpg?resize=768%2C818 768w, https:\/\/i0.wp.com\/karsten-seiferlin.ch\/wp-content\/uploads\/2021\/02\/image-1.jpg?w=1050 1050w\" sizes=\"auto, (max-width: 767px) 89vw, (max-width: 1000px) 54vw, (max-width: 1071px) 543px, 580px\" \/><\/figure><div class=\"wp-block-media-text__content\">\n<p>Die Conchiglioni wie schlafende M\u00e4uschen in eine Auflaufform setzen und eine H\u00e4lte mit der Tomatensauce begiessen. Diese H\u00e4lfte &#8222;d\u00fcrfen&#8220; wir auch nach Herzenslust mit Parmesan bestreuen.<\/p>\n<\/div><\/div>\n\n\n\n<div class=\"wp-block-media-text alignwide is-stacked-on-mobile\"><figure class=\"wp-block-media-text__media\"><img data-recalc-dims=\"1\" loading=\"lazy\" decoding=\"async\" width=\"525\" height=\"394\" src=\"https:\/\/i0.wp.com\/karsten-seiferlin.ch\/wp-content\/uploads\/2021\/02\/img_0980.jpg?resize=525%2C394\" alt=\"\" class=\"wp-image-3656 size-full\" srcset=\"https:\/\/i0.wp.com\/karsten-seiferlin.ch\/wp-content\/uploads\/2021\/02\/img_0980.jpg?w=2000 2000w, https:\/\/i0.wp.com\/karsten-seiferlin.ch\/wp-content\/uploads\/2021\/02\/img_0980.jpg?resize=300%2C225 300w, https:\/\/i0.wp.com\/karsten-seiferlin.ch\/wp-content\/uploads\/2021\/02\/img_0980.jpg?resize=1024%2C768 1024w, https:\/\/i0.wp.com\/karsten-seiferlin.ch\/wp-content\/uploads\/2021\/02\/img_0980.jpg?resize=768%2C576 768w, https:\/\/i0.wp.com\/karsten-seiferlin.ch\/wp-content\/uploads\/2021\/02\/img_0980.jpg?resize=1536%2C1152 1536w\" sizes=\"auto, (max-width: 767px) 89vw, (max-width: 1000px) 54vw, (max-width: 1071px) 543px, 580px\" \/><\/figure><div class=\"wp-block-media-text__content\">\n<p>Die zweite H\u00e4fte bedecken wir mit der Sardellen-Tomaten-Sauce und lassen sie frei von Parmesan.<\/p>\n<\/div><\/div>\n\n\n\n<div class=\"wp-block-media-text alignwide has-media-on-the-right is-stacked-on-mobile\"><figure class=\"wp-block-media-text__media\"><img data-recalc-dims=\"1\" loading=\"lazy\" decoding=\"async\" width=\"525\" height=\"394\" src=\"https:\/\/i0.wp.com\/karsten-seiferlin.ch\/wp-content\/uploads\/2021\/02\/img_0981.jpg?resize=525%2C394\" alt=\"\" class=\"wp-image-3657 size-full\" srcset=\"https:\/\/i0.wp.com\/karsten-seiferlin.ch\/wp-content\/uploads\/2021\/02\/img_0981.jpg?w=2000 2000w, https:\/\/i0.wp.com\/karsten-seiferlin.ch\/wp-content\/uploads\/2021\/02\/img_0981.jpg?resize=300%2C225 300w, https:\/\/i0.wp.com\/karsten-seiferlin.ch\/wp-content\/uploads\/2021\/02\/img_0981.jpg?resize=1024%2C768 1024w, https:\/\/i0.wp.com\/karsten-seiferlin.ch\/wp-content\/uploads\/2021\/02\/img_0981.jpg?resize=768%2C576 768w, https:\/\/i0.wp.com\/karsten-seiferlin.ch\/wp-content\/uploads\/2021\/02\/img_0981.jpg?resize=1536%2C1152 1536w\" sizes=\"auto, (max-width: 767px) 89vw, (max-width: 1000px) 54vw, (max-width: 1071px) 543px, 580px\" \/><\/figure><div class=\"wp-block-media-text__content\">\n<p>Ab in den Ofen! Bei 180\u00b0 backen, bis der K\u00e4se so aussieht, wie man es gern hat. Fertig!<\/p>\n<\/div><\/div>\n","protected":false},"excerpt":{"rendered":"<p>Alla Scatola? Nach Art der Schachtel? Das ist aber ein seltsamer Name f\u00fcr ein Pasta-Gericht. Aber der Reihe nach&#8230;<\/p>\n","protected":false},"author":1,"featured_media":0,"comment_status":"open","ping_status":"open","sticky":false,"template":"","format":"standard","meta":{"jetpack_post_was_ever_published":false,"_jetpack_newsletter_access":"","_jetpack_dont_email_post_to_subs":false,"_jetpack_newsletter_tier_id":0,"_jetpack_memberships_contains_paywalled_content":false,"_jetpack_memberships_contains_paid_content":false,"footnotes":"","jetpack_publicize_message":"","jetpack_publicize_feature_enabled":true,"jetpack_social_post_already_shared":true,"jetpack_social_options":{"image_generator_settings":{"template":"highway","default_image_id":0,"font":"","enabled":false},"version":2}},"categories":[41,10],"tags":[18,103,50],"class_list":["post-3639","post","type-post","status-publish","format-standard","hentry","category-d","category-kulinaria","tag-kulinaria","tag-pasta","tag-rezept"],"jetpack_publicize_connections":[],"jetpack_featured_media_url":"","jetpack_sharing_enabled":true,"jetpack_shortlink":"https:\/\/wp.me\/p8RZxm-WH","jetpack_likes_enabled":true,"_links":{"self":[{"href":"http:\/\/karsten-seiferlin.ch\/index.php?rest_route=\/wp\/v2\/posts\/3639","targetHints":{"allow":["GET"]}}],"collection":[{"href":"http:\/\/karsten-seiferlin.ch\/index.php?rest_route=\/wp\/v2\/posts"}],"about":[{"href":"http:\/\/karsten-seiferlin.ch\/index.php?rest_route=\/wp\/v2\/types\/post"}],"author":[{"embeddable":true,"href":"http:\/\/karsten-seiferlin.ch\/index.php?rest_route=\/wp\/v2\/users\/1"}],"replies":[{"embeddable":true,"href":"http:\/\/karsten-seiferlin.ch\/index.php?rest_route=%2Fwp%2Fv2%2Fcomments&post=3639"}],"version-history":[{"count":8,"href":"http:\/\/karsten-seiferlin.ch\/index.php?rest_route=\/wp\/v2\/posts\/3639\/revisions"}],"predecessor-version":[{"id":3659,"href":"http:\/\/karsten-seiferlin.ch\/index.php?rest_route=\/wp\/v2\/posts\/3639\/revisions\/3659"}],"wp:attachment":[{"href":"http:\/\/karsten-seiferlin.ch\/index.php?rest_route=%2Fwp%2Fv2%2Fmedia&parent=3639"}],"wp:term":[{"taxonomy":"category","embeddable":true,"href":"http:\/\/karsten-seiferlin.ch\/index.php?rest_route=%2Fwp%2Fv2%2Fcategories&post=3639"},{"taxonomy":"post_tag","embeddable":true,"href":"http:\/\/karsten-seiferlin.ch\/index.php?rest_route=%2Fwp%2Fv2%2Ftags&post=3639"}],"curies":[{"name":"wp","href":"https:\/\/api.w.org\/{rel}","templated":true}]}}