{"id":3420,"date":"2025-01-12T15:42:14","date_gmt":"2025-01-12T14:42:14","guid":{"rendered":"http:\/\/karsten-seiferlin.ch\/?p=3420"},"modified":"2025-01-12T15:42:17","modified_gmt":"2025-01-12T14:42:17","slug":"guevec","status":"publish","type":"post","link":"http:\/\/karsten-seiferlin.ch\/?p=3420","title":{"rendered":"G\u00fcve\u00e7"},"content":{"rendered":"\n<p>Vielleicht benutze ich hier wieder einen streng genommen falschen Namen, aber wir haben es hier mit einem im Backofen gegartem Gericht mit Lamm, Paprika\/Peperoni, Aubergine, Kartoffeln und Feta zu tun.<\/p>\n\n\n\n<!--more-->\n\n\n\n<p>Wir brauchen:<\/p>\n\n\n\n<div class=\"wp-block-columns is-layout-flex wp-container-core-columns-is-layout-9d6595d7 wp-block-columns-is-layout-flex\">\n<div class=\"wp-block-column is-layout-flow wp-block-column-is-layout-flow\">\n<figure class=\"wp-block-image size-large\"><img data-recalc-dims=\"1\" loading=\"lazy\" decoding=\"async\" width=\"525\" height=\"394\" src=\"https:\/\/i0.wp.com\/karsten-seiferlin.ch\/wp-content\/uploads\/2020\/09\/img_0659.jpg?resize=525%2C394\" alt=\"\" class=\"wp-image-3433\" srcset=\"https:\/\/i0.wp.com\/karsten-seiferlin.ch\/wp-content\/uploads\/2020\/09\/img_0659.jpg?resize=1024%2C768 1024w, https:\/\/i0.wp.com\/karsten-seiferlin.ch\/wp-content\/uploads\/2020\/09\/img_0659.jpg?resize=300%2C225 300w, https:\/\/i0.wp.com\/karsten-seiferlin.ch\/wp-content\/uploads\/2020\/09\/img_0659.jpg?resize=768%2C576 768w, https:\/\/i0.wp.com\/karsten-seiferlin.ch\/wp-content\/uploads\/2020\/09\/img_0659.jpg?resize=1536%2C1152 1536w, https:\/\/i0.wp.com\/karsten-seiferlin.ch\/wp-content\/uploads\/2020\/09\/img_0659.jpg?w=2000 2000w\" sizes=\"auto, (max-width: 767px) 89vw, (max-width: 1000px) 54vw, (max-width: 1071px) 543px, 580px\" \/><\/figure>\n<\/div>\n\n\n\n<div class=\"wp-block-column is-layout-flow wp-block-column-is-layout-flow\">\n<figure class=\"wp-block-image size-large\"><img data-recalc-dims=\"1\" loading=\"lazy\" decoding=\"async\" width=\"525\" height=\"394\" src=\"https:\/\/i0.wp.com\/karsten-seiferlin.ch\/wp-content\/uploads\/2020\/09\/img_0658.jpg?resize=525%2C394\" alt=\"\" class=\"wp-image-3431\" srcset=\"https:\/\/i0.wp.com\/karsten-seiferlin.ch\/wp-content\/uploads\/2020\/09\/img_0658.jpg?resize=1024%2C768 1024w, https:\/\/i0.wp.com\/karsten-seiferlin.ch\/wp-content\/uploads\/2020\/09\/img_0658.jpg?resize=300%2C225 300w, https:\/\/i0.wp.com\/karsten-seiferlin.ch\/wp-content\/uploads\/2020\/09\/img_0658.jpg?resize=768%2C576 768w, https:\/\/i0.wp.com\/karsten-seiferlin.ch\/wp-content\/uploads\/2020\/09\/img_0658.jpg?resize=1536%2C1152 1536w, https:\/\/i0.wp.com\/karsten-seiferlin.ch\/wp-content\/uploads\/2020\/09\/img_0658.jpg?w=2000 2000w\" sizes=\"auto, (max-width: 767px) 89vw, (max-width: 1000px) 54vw, (max-width: 1071px) 543px, 580px\" \/><\/figure>\n<\/div>\n<\/div>\n\n\n\n<ul class=\"wp-block-list\"><li>Lammfleisch. Entweder Filet oder den ausgel\u00f6sten Lammr\u00fccken, auch als Lammlachse oder Nierst\u00fcck bekannt.<\/li><li>Eine halbe kleine Aubergine<\/li><li>2 grosse Zwiebeln<\/li><li>1 Paprika (CH: Peperoni)<\/li><li>Peperoncini nach Geschmack<\/li><li>Knoblauch nach Geschmack<\/li><li>2 kleine Kartoffeln<\/li><li>200 g Schafsk\u00e4se (Feta)<\/li><li>Oliven\u00f6l<\/li><li>Salz<\/li><li>Pfeffer<\/li><li>Minzpaste, wenn vorhanden<\/li><li>Boullion<\/li><li>1 dl Noilly Prat<\/li><li>Tomatenmark<\/li><\/ul>\n\n\n\n<div class=\"wp-block-media-text alignwide is-stacked-on-mobile\"><figure class=\"wp-block-media-text__media\"><img data-recalc-dims=\"1\" loading=\"lazy\" decoding=\"async\" width=\"525\" height=\"394\" src=\"https:\/\/i0.wp.com\/karsten-seiferlin.ch\/wp-content\/uploads\/2020\/09\/img_0660.jpg?resize=525%2C394\" alt=\"\" class=\"wp-image-3434\" srcset=\"https:\/\/i0.wp.com\/karsten-seiferlin.ch\/wp-content\/uploads\/2020\/09\/img_0660.jpg?w=2000 2000w, https:\/\/i0.wp.com\/karsten-seiferlin.ch\/wp-content\/uploads\/2020\/09\/img_0660.jpg?resize=300%2C225 300w, https:\/\/i0.wp.com\/karsten-seiferlin.ch\/wp-content\/uploads\/2020\/09\/img_0660.jpg?resize=1024%2C768 1024w, https:\/\/i0.wp.com\/karsten-seiferlin.ch\/wp-content\/uploads\/2020\/09\/img_0660.jpg?resize=768%2C576 768w, https:\/\/i0.wp.com\/karsten-seiferlin.ch\/wp-content\/uploads\/2020\/09\/img_0660.jpg?resize=1536%2C1152 1536w\" sizes=\"auto, (max-width: 767px) 89vw, (max-width: 1000px) 54vw, (max-width: 1071px) 543px, 580px\" \/><\/figure><div class=\"wp-block-media-text__content\">\n<p>Kartoffeln, Aubergine und die H\u00e4lfte des Schafsk\u00e4ses w\u00fcrfeln. Zwiebel, Knoblauch, Paprika und Peperoncini klein schneiden.<br \/>Zusammen in eine grosse Auflaufform geben und mischen.<\/p>\n<\/div><\/div>\n\n\n\n<div class=\"wp-block-columns is-layout-flex wp-container-core-columns-is-layout-9d6595d7 wp-block-columns-is-layout-flex\">\n<div class=\"wp-block-column is-layout-flow wp-block-column-is-layout-flow\">\n<figure class=\"wp-block-image size-large\"><img data-recalc-dims=\"1\" loading=\"lazy\" decoding=\"async\" width=\"525\" height=\"394\" src=\"https:\/\/i0.wp.com\/karsten-seiferlin.ch\/wp-content\/uploads\/2020\/09\/img_0661.jpg?resize=525%2C394\" alt=\"\" class=\"wp-image-3435\" srcset=\"https:\/\/i0.wp.com\/karsten-seiferlin.ch\/wp-content\/uploads\/2020\/09\/img_0661.jpg?resize=1024%2C768 1024w, https:\/\/i0.wp.com\/karsten-seiferlin.ch\/wp-content\/uploads\/2020\/09\/img_0661.jpg?resize=300%2C225 300w, https:\/\/i0.wp.com\/karsten-seiferlin.ch\/wp-content\/uploads\/2020\/09\/img_0661.jpg?resize=768%2C576 768w, https:\/\/i0.wp.com\/karsten-seiferlin.ch\/wp-content\/uploads\/2020\/09\/img_0661.jpg?resize=1536%2C1152 1536w, https:\/\/i0.wp.com\/karsten-seiferlin.ch\/wp-content\/uploads\/2020\/09\/img_0661.jpg?w=2000 2000w\" sizes=\"auto, (max-width: 767px) 89vw, (max-width: 1000px) 54vw, (max-width: 1071px) 543px, 580px\" \/><\/figure>\n<\/div>\n\n\n\n<div class=\"wp-block-column is-layout-flow wp-block-column-is-layout-flow\">\n<figure class=\"wp-block-image size-large\"><img data-recalc-dims=\"1\" loading=\"lazy\" decoding=\"async\" width=\"525\" height=\"394\" src=\"https:\/\/i0.wp.com\/karsten-seiferlin.ch\/wp-content\/uploads\/2020\/09\/img_0662.jpg?resize=525%2C394\" alt=\"\" class=\"wp-image-3432\" srcset=\"https:\/\/i0.wp.com\/karsten-seiferlin.ch\/wp-content\/uploads\/2020\/09\/img_0662.jpg?resize=1024%2C768 1024w, https:\/\/i0.wp.com\/karsten-seiferlin.ch\/wp-content\/uploads\/2020\/09\/img_0662.jpg?resize=300%2C225 300w, https:\/\/i0.wp.com\/karsten-seiferlin.ch\/wp-content\/uploads\/2020\/09\/img_0662.jpg?resize=768%2C576 768w, https:\/\/i0.wp.com\/karsten-seiferlin.ch\/wp-content\/uploads\/2020\/09\/img_0662.jpg?resize=1536%2C1152 1536w, https:\/\/i0.wp.com\/karsten-seiferlin.ch\/wp-content\/uploads\/2020\/09\/img_0662.jpg?w=2000 2000w\" sizes=\"auto, (max-width: 767px) 89vw, (max-width: 1000px) 54vw, (max-width: 1071px) 543px, 580px\" \/><\/figure>\n<\/div>\n\n\n\n<div class=\"wp-block-column is-layout-flow wp-block-column-is-layout-flow\">\n<p>Fettreste, Sehnen und Hautreste vom Fleisch entfernen. Lamm in W\u00fcrfel schneiden<\/p>\n<\/div>\n<\/div>\n\n\n\n<div class=\"wp-block-media-text alignwide is-stacked-on-mobile\"><figure class=\"wp-block-media-text__media\"><img data-recalc-dims=\"1\" loading=\"lazy\" decoding=\"async\" width=\"525\" height=\"394\" src=\"https:\/\/i0.wp.com\/karsten-seiferlin.ch\/wp-content\/uploads\/2020\/09\/img_0663.jpg?resize=525%2C394\" alt=\"\" class=\"wp-image-3438\" srcset=\"https:\/\/i0.wp.com\/karsten-seiferlin.ch\/wp-content\/uploads\/2020\/09\/img_0663.jpg?w=2000 2000w, https:\/\/i0.wp.com\/karsten-seiferlin.ch\/wp-content\/uploads\/2020\/09\/img_0663.jpg?resize=300%2C225 300w, https:\/\/i0.wp.com\/karsten-seiferlin.ch\/wp-content\/uploads\/2020\/09\/img_0663.jpg?resize=1024%2C768 1024w, https:\/\/i0.wp.com\/karsten-seiferlin.ch\/wp-content\/uploads\/2020\/09\/img_0663.jpg?resize=768%2C576 768w, https:\/\/i0.wp.com\/karsten-seiferlin.ch\/wp-content\/uploads\/2020\/09\/img_0663.jpg?resize=1536%2C1152 1536w\" sizes=\"auto, (max-width: 767px) 89vw, (max-width: 1000px) 54vw, (max-width: 1071px) 543px, 580px\" \/><\/figure><div class=\"wp-block-media-text__content\">\n<p>Fleischw\u00fcrfel zu den anderen Zutaten geben.<br \/>Salzen und mischen.<br \/>Grossz\u00fcgig mit Oliven\u00f6l mischen (Oliven\u00f6l wird als Geschmackstr\u00e4ger, aber auch zum L\u00f6sen einiger Vitamine gebraucht).<\/p>\n<\/div><\/div>\n\n\n\n<div class=\"wp-block-media-text alignwide is-stacked-on-mobile\"><figure class=\"wp-block-media-text__media\"><img data-recalc-dims=\"1\" loading=\"lazy\" decoding=\"async\" width=\"525\" height=\"394\" src=\"https:\/\/i0.wp.com\/karsten-seiferlin.ch\/wp-content\/uploads\/2020\/09\/img_0664.jpg?resize=525%2C394\" alt=\"\" class=\"wp-image-3437\" srcset=\"https:\/\/i0.wp.com\/karsten-seiferlin.ch\/wp-content\/uploads\/2020\/09\/img_0664.jpg?w=2000 2000w, https:\/\/i0.wp.com\/karsten-seiferlin.ch\/wp-content\/uploads\/2020\/09\/img_0664.jpg?resize=300%2C225 300w, https:\/\/i0.wp.com\/karsten-seiferlin.ch\/wp-content\/uploads\/2020\/09\/img_0664.jpg?resize=1024%2C768 1024w, https:\/\/i0.wp.com\/karsten-seiferlin.ch\/wp-content\/uploads\/2020\/09\/img_0664.jpg?resize=768%2C576 768w, https:\/\/i0.wp.com\/karsten-seiferlin.ch\/wp-content\/uploads\/2020\/09\/img_0664.jpg?resize=1536%2C1152 1536w\" sizes=\"auto, (max-width: 767px) 89vw, (max-width: 1000px) 54vw, (max-width: 1071px) 543px, 580px\" \/><\/figure><div class=\"wp-block-media-text__content\">\n<p>Boullion, Tomatenmark, Noilly Prat und einen Teel\u00f6ffel Minzpaste (gibt es bei den indischen Saucen und Pasten) mischen. Die zweite H\u00e4lfte Feta zugeben und mit einem Passierstab zu einer s\u00e4migen Sauce mischen. Alternativ den Feta mit der Gabel zerdr\u00fccken und unterr\u00fchren.<\/p>\n<\/div><\/div>\n\n\n\n<div class=\"wp-block-media-text alignwide is-stacked-on-mobile\"><figure class=\"wp-block-media-text__media\"><img data-recalc-dims=\"1\" loading=\"lazy\" decoding=\"async\" width=\"525\" height=\"394\" src=\"https:\/\/i0.wp.com\/karsten-seiferlin.ch\/wp-content\/uploads\/2020\/09\/img_0665.jpg?resize=525%2C394\" alt=\"\" class=\"wp-image-3436\" srcset=\"https:\/\/i0.wp.com\/karsten-seiferlin.ch\/wp-content\/uploads\/2020\/09\/img_0665.jpg?w=2000 2000w, https:\/\/i0.wp.com\/karsten-seiferlin.ch\/wp-content\/uploads\/2020\/09\/img_0665.jpg?resize=300%2C225 300w, https:\/\/i0.wp.com\/karsten-seiferlin.ch\/wp-content\/uploads\/2020\/09\/img_0665.jpg?resize=1024%2C768 1024w, https:\/\/i0.wp.com\/karsten-seiferlin.ch\/wp-content\/uploads\/2020\/09\/img_0665.jpg?resize=768%2C576 768w, https:\/\/i0.wp.com\/karsten-seiferlin.ch\/wp-content\/uploads\/2020\/09\/img_0665.jpg?resize=1536%2C1152 1536w\" sizes=\"auto, (max-width: 767px) 89vw, (max-width: 1000px) 54vw, (max-width: 1071px) 543px, 580px\" \/><\/figure><div class=\"wp-block-media-text__content\">\n<p>Mindestens eine Stunde bei 150\u00b0 im Backofen garen. Sobald alle Zutaten &#8211; insbesondere Zwiebeln, Paprika und Kartoffeln &#8211; weich sind, Temperatur auf 180\u00b0 und Oberhitze bzw. Grill zuschalten. Sobald sich oben eine sch\u00f6ne Br\u00e4unung ergeben hat, servieren. <\/p>\n<\/div><\/div>\n","protected":false},"excerpt":{"rendered":"<p>Vielleicht benutze ich hier wieder einen streng genommen falschen Namen, aber wir haben es hier mit einem im Backofen gegartem Gericht mit Lamm, Paprika\/Peperoni, Aubergine, Kartoffeln und Feta zu tun.<\/p>\n","protected":false},"author":1,"featured_media":0,"comment_status":"open","ping_status":"open","sticky":false,"template":"","format":"standard","meta":{"jetpack_post_was_ever_published":false,"_jetpack_newsletter_access":"","_jetpack_dont_email_post_to_subs":false,"_jetpack_newsletter_tier_id":0,"_jetpack_memberships_contains_paywalled_content":false,"_jetpack_memberships_contains_paid_content":false,"footnotes":"","jetpack_publicize_message":"","jetpack_publicize_feature_enabled":false,"jetpack_social_post_already_shared":false,"jetpack_social_options":{"image_generator_settings":{"template":"highway","enabled":false},"version":2}},"categories":[39,10,1],"tags":[2,18,50],"class_list":["post-3420","post","type-post","status-publish","format-standard","hentry","category-e-2","category-kulinaria","category-uncategorized","tag-d","tag-kulinaria","tag-rezept"],"jetpack_publicize_connections":[],"jetpack_featured_media_url":"","jetpack_sharing_enabled":true,"jetpack_shortlink":"https:\/\/wp.me\/s8RZxm-guevec","jetpack_likes_enabled":true,"_links":{"self":[{"href":"http:\/\/karsten-seiferlin.ch\/index.php?rest_route=\/wp\/v2\/posts\/3420","targetHints":{"allow":["GET"]}}],"collection":[{"href":"http:\/\/karsten-seiferlin.ch\/index.php?rest_route=\/wp\/v2\/posts"}],"about":[{"href":"http:\/\/karsten-seiferlin.ch\/index.php?rest_route=\/wp\/v2\/types\/post"}],"author":[{"embeddable":true,"href":"http:\/\/karsten-seiferlin.ch\/index.php?rest_route=\/wp\/v2\/users\/1"}],"replies":[{"embeddable":true,"href":"http:\/\/karsten-seiferlin.ch\/index.php?rest_route=%2Fwp%2Fv2%2Fcomments&post=3420"}],"version-history":[{"count":9,"href":"http:\/\/karsten-seiferlin.ch\/index.php?rest_route=\/wp\/v2\/posts\/3420\/revisions"}],"predecessor-version":[{"id":4002,"href":"http:\/\/karsten-seiferlin.ch\/index.php?rest_route=\/wp\/v2\/posts\/3420\/revisions\/4002"}],"wp:attachment":[{"href":"http:\/\/karsten-seiferlin.ch\/index.php?rest_route=%2Fwp%2Fv2%2Fmedia&parent=3420"}],"wp:term":[{"taxonomy":"category","embeddable":true,"href":"http:\/\/karsten-seiferlin.ch\/index.php?rest_route=%2Fwp%2Fv2%2Fcategories&post=3420"},{"taxonomy":"post_tag","embeddable":true,"href":"http:\/\/karsten-seiferlin.ch\/index.php?rest_route=%2Fwp%2Fv2%2Ftags&post=3420"}],"curies":[{"name":"wp","href":"https:\/\/api.w.org\/{rel}","templated":true}]}}