{"id":2524,"date":"2017-11-24T16:22:31","date_gmt":"2017-11-24T16:22:31","guid":{"rendered":"http:\/\/karsten-seiferlin.ch\/?p=2524"},"modified":"2017-11-24T16:22:31","modified_gmt":"2017-11-24T16:22:31","slug":"locarno-und-ascona-oktober-2017","status":"publish","type":"post","link":"http:\/\/karsten-seiferlin.ch\/?p=2524","title":{"rendered":"Locarno und Ascona, Oktober 2017"},"content":{"rendered":"<p>F\u00fcr genau eine Nacht hat es uns dieses Jahr gereicht: der j\u00e4hrliche Besuch in Ascona &amp; Locarno &#8211; seit 1965 beinahe jedes Jahr. Ruth hat am Marathon teilgenommen, und ich habe meinen <a href=\"http:\/\/karsten-seiferlin.ch\/?p=2408\">Wilhelm<\/a> ausgef\u00fchrt. Es gab Glac\u00e9 auf der Piazza Grande und im Lungolago. Abends Carpaccio und Lasagne und Pollo al Cestello. Kurz war der Besuch, aber immerhin: Batterien aufladen, Erinnerungen auffrischen und sich wie immer versprechen, n\u00e4chstes Jahr aber ganz bestimmt f\u00fcr l\u00e4nger zu kommen.<\/p>\n<p><img data-recalc-dims=\"1\" loading=\"lazy\" decoding=\"async\" src=\"https:\/\/i0.wp.com\/karsten-seiferlin.ch\/wp-content\/uploads\/2017\/11\/dscf0807.jpg?resize=525%2C350\" height=\"350\" class=\"wp-image-2516\" width=\"525\" srcset=\"https:\/\/i0.wp.com\/karsten-seiferlin.ch\/wp-content\/uploads\/2017\/11\/dscf0807.jpg?w=2000 2000w, https:\/\/i0.wp.com\/karsten-seiferlin.ch\/wp-content\/uploads\/2017\/11\/dscf0807.jpg?resize=300%2C200 300w, https:\/\/i0.wp.com\/karsten-seiferlin.ch\/wp-content\/uploads\/2017\/11\/dscf0807.jpg?resize=768%2C511 768w, https:\/\/i0.wp.com\/karsten-seiferlin.ch\/wp-content\/uploads\/2017\/11\/dscf0807.jpg?resize=1024%2C682 1024w, https:\/\/i0.wp.com\/karsten-seiferlin.ch\/wp-content\/uploads\/2017\/11\/dscf0807.jpg?w=1575 1575w\" sizes=\"auto, (max-width: 767px) 89vw, (max-width: 1000px) 54vw, (max-width: 1071px) 543px, 580px\" \/><\/p>\n<p><!--more--><\/p>\n<p><img data-recalc-dims=\"1\" loading=\"lazy\" decoding=\"async\" src=\"https:\/\/i0.wp.com\/karsten-seiferlin.ch\/wp-content\/uploads\/2017\/11\/dscf0823.jpg?resize=525%2C350\" height=\"350\" class=\"wp-image-2523\" width=\"525\" srcset=\"https:\/\/i0.wp.com\/karsten-seiferlin.ch\/wp-content\/uploads\/2017\/11\/dscf0823.jpg?w=2000 2000w, https:\/\/i0.wp.com\/karsten-seiferlin.ch\/wp-content\/uploads\/2017\/11\/dscf0823.jpg?resize=300%2C200 300w, https:\/\/i0.wp.com\/karsten-seiferlin.ch\/wp-content\/uploads\/2017\/11\/dscf0823.jpg?resize=768%2C511 768w, https:\/\/i0.wp.com\/karsten-seiferlin.ch\/wp-content\/uploads\/2017\/11\/dscf0823.jpg?resize=1024%2C682 1024w, https:\/\/i0.wp.com\/karsten-seiferlin.ch\/wp-content\/uploads\/2017\/11\/dscf0823.jpg?w=1575 1575w\" sizes=\"auto, (max-width: 767px) 89vw, (max-width: 1000px) 54vw, (max-width: 1071px) 543px, 580px\" \/><img data-recalc-dims=\"1\" loading=\"lazy\" decoding=\"async\" src=\"https:\/\/i0.wp.com\/karsten-seiferlin.ch\/wp-content\/uploads\/2017\/11\/dscf0822.jpg?resize=525%2C350\" height=\"350\" class=\"wp-image-2520\" width=\"525\" srcset=\"https:\/\/i0.wp.com\/karsten-seiferlin.ch\/wp-content\/uploads\/2017\/11\/dscf0822.jpg?w=2000 2000w, https:\/\/i0.wp.com\/karsten-seiferlin.ch\/wp-content\/uploads\/2017\/11\/dscf0822.jpg?resize=300%2C200 300w, https:\/\/i0.wp.com\/karsten-seiferlin.ch\/wp-content\/uploads\/2017\/11\/dscf0822.jpg?resize=768%2C511 768w, https:\/\/i0.wp.com\/karsten-seiferlin.ch\/wp-content\/uploads\/2017\/11\/dscf0822.jpg?resize=1024%2C682 1024w, https:\/\/i0.wp.com\/karsten-seiferlin.ch\/wp-content\/uploads\/2017\/11\/dscf0822.jpg?w=1575 1575w\" sizes=\"auto, (max-width: 767px) 89vw, (max-width: 1000px) 54vw, (max-width: 1071px) 543px, 580px\" \/><img data-recalc-dims=\"1\" loading=\"lazy\" decoding=\"async\" src=\"https:\/\/i0.wp.com\/karsten-seiferlin.ch\/wp-content\/uploads\/2017\/11\/dscf0820.jpg?resize=525%2C788\" height=\"788\" class=\"wp-image-2517\" width=\"525\" srcset=\"https:\/\/i0.wp.com\/karsten-seiferlin.ch\/wp-content\/uploads\/2017\/11\/dscf0820.jpg?w=1332 1332w, https:\/\/i0.wp.com\/karsten-seiferlin.ch\/wp-content\/uploads\/2017\/11\/dscf0820.jpg?resize=200%2C300 200w, https:\/\/i0.wp.com\/karsten-seiferlin.ch\/wp-content\/uploads\/2017\/11\/dscf0820.jpg?resize=768%2C1153 768w, https:\/\/i0.wp.com\/karsten-seiferlin.ch\/wp-content\/uploads\/2017\/11\/dscf0820.jpg?resize=682%2C1024 682w, https:\/\/i0.wp.com\/karsten-seiferlin.ch\/wp-content\/uploads\/2017\/11\/dscf0820.jpg?w=1050 1050w\" sizes=\"auto, (max-width: 767px) 89vw, (max-width: 1000px) 54vw, (max-width: 1071px) 543px, 580px\" \/><img data-recalc-dims=\"1\" loading=\"lazy\" decoding=\"async\" src=\"https:\/\/i0.wp.com\/karsten-seiferlin.ch\/wp-content\/uploads\/2017\/11\/dscf0801.jpg?resize=525%2C350\" height=\"350\" class=\"wp-image-2521\" width=\"525\" srcset=\"https:\/\/i0.wp.com\/karsten-seiferlin.ch\/wp-content\/uploads\/2017\/11\/dscf0801.jpg?w=2000 2000w, https:\/\/i0.wp.com\/karsten-seiferlin.ch\/wp-content\/uploads\/2017\/11\/dscf0801.jpg?resize=300%2C200 300w, https:\/\/i0.wp.com\/karsten-seiferlin.ch\/wp-content\/uploads\/2017\/11\/dscf0801.jpg?resize=768%2C511 768w, https:\/\/i0.wp.com\/karsten-seiferlin.ch\/wp-content\/uploads\/2017\/11\/dscf0801.jpg?resize=1024%2C682 1024w, https:\/\/i0.wp.com\/karsten-seiferlin.ch\/wp-content\/uploads\/2017\/11\/dscf0801.jpg?w=1575 1575w\" sizes=\"auto, (max-width: 767px) 89vw, (max-width: 1000px) 54vw, (max-width: 1071px) 543px, 580px\" \/><img data-recalc-dims=\"1\" loading=\"lazy\" decoding=\"async\" src=\"https:\/\/i0.wp.com\/karsten-seiferlin.ch\/wp-content\/uploads\/2017\/11\/dscf0775.jpg?resize=525%2C350\" height=\"350\" class=\"wp-image-2518\" width=\"525\" srcset=\"https:\/\/i0.wp.com\/karsten-seiferlin.ch\/wp-content\/uploads\/2017\/11\/dscf0775.jpg?w=2000 2000w, https:\/\/i0.wp.com\/karsten-seiferlin.ch\/wp-content\/uploads\/2017\/11\/dscf0775.jpg?resize=300%2C200 300w, https:\/\/i0.wp.com\/karsten-seiferlin.ch\/wp-content\/uploads\/2017\/11\/dscf0775.jpg?resize=768%2C511 768w, https:\/\/i0.wp.com\/karsten-seiferlin.ch\/wp-content\/uploads\/2017\/11\/dscf0775.jpg?resize=1024%2C682 1024w, https:\/\/i0.wp.com\/karsten-seiferlin.ch\/wp-content\/uploads\/2017\/11\/dscf0775.jpg?w=1575 1575w\" sizes=\"auto, (max-width: 767px) 89vw, (max-width: 1000px) 54vw, (max-width: 1071px) 543px, 580px\" \/><img data-recalc-dims=\"1\" loading=\"lazy\" decoding=\"async\" src=\"https:\/\/i0.wp.com\/karsten-seiferlin.ch\/wp-content\/uploads\/2017\/11\/dscf0765-1.jpg?resize=525%2C788\" height=\"788\" class=\"wp-image-2519\" width=\"525\" srcset=\"https:\/\/i0.wp.com\/karsten-seiferlin.ch\/wp-content\/uploads\/2017\/11\/dscf0765-1.jpg?w=1332 1332w, https:\/\/i0.wp.com\/karsten-seiferlin.ch\/wp-content\/uploads\/2017\/11\/dscf0765-1.jpg?resize=200%2C300 200w, https:\/\/i0.wp.com\/karsten-seiferlin.ch\/wp-content\/uploads\/2017\/11\/dscf0765-1.jpg?resize=768%2C1153 768w, https:\/\/i0.wp.com\/karsten-seiferlin.ch\/wp-content\/uploads\/2017\/11\/dscf0765-1.jpg?resize=682%2C1024 682w, https:\/\/i0.wp.com\/karsten-seiferlin.ch\/wp-content\/uploads\/2017\/11\/dscf0765-1.jpg?w=1050 1050w\" sizes=\"auto, (max-width: 767px) 89vw, (max-width: 1000px) 54vw, (max-width: 1071px) 543px, 580px\" \/><img data-recalc-dims=\"1\" loading=\"lazy\" decoding=\"async\" src=\"https:\/\/i0.wp.com\/karsten-seiferlin.ch\/wp-content\/uploads\/2017\/11\/dscf0764.jpg?resize=525%2C788\" height=\"788\" class=\"wp-image-2522\" width=\"525\" srcset=\"https:\/\/i0.wp.com\/karsten-seiferlin.ch\/wp-content\/uploads\/2017\/11\/dscf0764.jpg?w=1332 1332w, https:\/\/i0.wp.com\/karsten-seiferlin.ch\/wp-content\/uploads\/2017\/11\/dscf0764.jpg?resize=200%2C300 200w, https:\/\/i0.wp.com\/karsten-seiferlin.ch\/wp-content\/uploads\/2017\/11\/dscf0764.jpg?resize=768%2C1153 768w, https:\/\/i0.wp.com\/karsten-seiferlin.ch\/wp-content\/uploads\/2017\/11\/dscf0764.jpg?resize=682%2C1024 682w, https:\/\/i0.wp.com\/karsten-seiferlin.ch\/wp-content\/uploads\/2017\/11\/dscf0764.jpg?w=1050 1050w\" sizes=\"auto, (max-width: 767px) 89vw, (max-width: 1000px) 54vw, (max-width: 1071px) 543px, 580px\" \/><\/p>\n","protected":false},"excerpt":{"rendered":"<p>F\u00fcr genau eine Nacht hat es uns dieses Jahr gereicht: der j\u00e4hrliche Besuch in Ascona &amp; Locarno &#8211; seit 1965 beinahe jedes Jahr. Ruth hat am Marathon teilgenommen, und ich habe meinen Wilhelm ausgef\u00fchrt. Es gab Glac\u00e9 auf der Piazza Grande und im Lungolago. Abends Carpaccio und Lasagne und Pollo al Cestello. Kurz war der &hellip; <\/p>\n<p class=\"link-more\"><a href=\"http:\/\/karsten-seiferlin.ch\/?p=2524\" class=\"more-link\"><span class=\"screen-reader-text\">\u201eLocarno und Ascona, Oktober 2017\u201c<\/span> weiterlesen<\/a><\/p>\n","protected":false},"author":1,"featured_media":0,"comment_status":"open","ping_status":"open","sticky":false,"template":"","format":"gallery","meta":{"jetpack_post_was_ever_published":false,"_jetpack_newsletter_access":"","_jetpack_dont_email_post_to_subs":false,"_jetpack_newsletter_tier_id":0,"_jetpack_memberships_contains_paywalled_content":false,"_jetpack_memberships_contains_paid_content":false,"footnotes":"","jetpack_publicize_message":"","jetpack_publicize_feature_enabled":true,"jetpack_social_post_already_shared":true,"jetpack_social_options":{"image_generator_settings":{"template":"highway","default_image_id":0,"font":"","enabled":false},"version":2}},"categories":[41,47],"tags":[2,15,36,16,57,77],"class_list":["post-2524","post","type-post","status-publish","format-gallery","hentry","category-d","category-reise","tag-d","tag-reise","tag-schweiz","tag-tessin","tag-ticino","tag-velo","post_format-post-format-gallery"],"jetpack_publicize_connections":[],"jetpack_featured_media_url":"","jetpack_sharing_enabled":true,"jetpack_shortlink":"https:\/\/wp.me\/p8RZxm-EI","jetpack_likes_enabled":true,"_links":{"self":[{"href":"http:\/\/karsten-seiferlin.ch\/index.php?rest_route=\/wp\/v2\/posts\/2524","targetHints":{"allow":["GET"]}}],"collection":[{"href":"http:\/\/karsten-seiferlin.ch\/index.php?rest_route=\/wp\/v2\/posts"}],"about":[{"href":"http:\/\/karsten-seiferlin.ch\/index.php?rest_route=\/wp\/v2\/types\/post"}],"author":[{"embeddable":true,"href":"http:\/\/karsten-seiferlin.ch\/index.php?rest_route=\/wp\/v2\/users\/1"}],"replies":[{"embeddable":true,"href":"http:\/\/karsten-seiferlin.ch\/index.php?rest_route=%2Fwp%2Fv2%2Fcomments&post=2524"}],"version-history":[{"count":0,"href":"http:\/\/karsten-seiferlin.ch\/index.php?rest_route=\/wp\/v2\/posts\/2524\/revisions"}],"wp:attachment":[{"href":"http:\/\/karsten-seiferlin.ch\/index.php?rest_route=%2Fwp%2Fv2%2Fmedia&parent=2524"}],"wp:term":[{"taxonomy":"category","embeddable":true,"href":"http:\/\/karsten-seiferlin.ch\/index.php?rest_route=%2Fwp%2Fv2%2Fcategories&post=2524"},{"taxonomy":"post_tag","embeddable":true,"href":"http:\/\/karsten-seiferlin.ch\/index.php?rest_route=%2Fwp%2Fv2%2Ftags&post=2524"}],"curies":[{"name":"wp","href":"https:\/\/api.w.org\/{rel}","templated":true}]}}