{"id":1242,"date":"2012-03-15T11:39:15","date_gmt":"2012-03-15T10:39:15","guid":{"rendered":"http:\/\/planetscooter.wordpress.com\/?p=1242"},"modified":"2012-03-15T11:39:15","modified_gmt":"2012-03-15T10:39:15","slug":"currywurst-3","status":"publish","type":"post","link":"http:\/\/karsten-seiferlin.ch\/?p=1242","title":{"rendered":"Currywurst"},"content":{"rendered":"<h3>Currywurst<\/h3>\n<p> March 15 2012, 3:59 AM by Karsten Seiferlin<\/p>\n<p>Eines der ganz wenigen Dinge, die ich immer schon in der Schweiz vermisst habe, ist Currywurst. Wer h\u00e4tte das gedacht? ich habe in Deutschland Currywurst nie f\u00fcr etwas Besonderes gehalten. Junk Food halt\u2026 Aber hier in der Schweiz ist die Currywurst unbekannt (in S\u00fcddeutschland, sogar schon in Franken, anscheinend aber auch. Was einem dort als Currywurst serviert wird, ist teilweise eine Frechheit: ungeschnittene W\u00fcrste mit einem Klecks kaltem Tomatenketchup neben der Wurst\u2026).<\/p>\n<p>Da es hier in Bern keine Currywurst gibt, esse ich bei jedem Deutschland-Besuch eine\u2026 Zum Beispiel in Berlin an den Flugh\u00e4fen Sch\u00f6nefeld und Tegel in der &quot;Ess-Bahn&quot;. In der &quot;Ess-Bahn&quot; wird \u00fcbrigens zu meiner Freude nicht die typische Berliner Variante der Currywurst serviert (angep\u00f6kelte Bockwurst-\u00e4hnliche Wurst mit rosa Wurstmasse), sondern die westf\u00e4lische Variante mit Rostbratwurst als Grundlage.<\/p>\n<p><a href=\"http:\/\/planetscooter.files.wordpress.com\/2013\/03\/39034711-foto.jpg\"><img data-recalc-dims=\"1\" loading=\"lazy\" decoding=\"async\" src=\"http:\/\/planetscooter.files.wordpress.com\/2013\/03\/39034711-foto.jpg?resize=525%2C525\" alt=\"\" width=\"525\" height=\"525\" class=\"alignnone size-full wp-image-1243\" srcset=\"https:\/\/i0.wp.com\/karsten-seiferlin.ch\/wp-content\/uploads\/2013\/03\/39034711-foto.jpg?w=1936 1936w, https:\/\/i0.wp.com\/karsten-seiferlin.ch\/wp-content\/uploads\/2013\/03\/39034711-foto.jpg?resize=150%2C150 150w, https:\/\/i0.wp.com\/karsten-seiferlin.ch\/wp-content\/uploads\/2013\/03\/39034711-foto.jpg?resize=300%2C300 300w, https:\/\/i0.wp.com\/karsten-seiferlin.ch\/wp-content\/uploads\/2013\/03\/39034711-foto.jpg?resize=768%2C768 768w, https:\/\/i0.wp.com\/karsten-seiferlin.ch\/wp-content\/uploads\/2013\/03\/39034711-foto.jpg?resize=1024%2C1024 1024w, https:\/\/i0.wp.com\/karsten-seiferlin.ch\/wp-content\/uploads\/2013\/03\/39034711-foto.jpg?resize=100%2C100 100w, https:\/\/i0.wp.com\/karsten-seiferlin.ch\/wp-content\/uploads\/2013\/03\/39034711-foto.jpg?w=1575 1575w\" sizes=\"auto, (max-width: 767px) 89vw, (max-width: 1000px) 54vw, (max-width: 1071px) 543px, 580px\" \/><\/a><\/p>\n<p>Seit dieser Woche gibt es nun auch in Bern im Mensa-Caf\u00e9 Currywurst. Offensichtlich hat sich das Personal schulen lassen, denn es wird penibel darauf geachtet, dass alles stilecht ist. Es hat 2 verschiedene Wursttypen zur Auswahl (hell und rosa, also westf\u00e4lisch und Berliner Art), dazu warmes Gew\u00fcrzketchup. Die Wurst wird ordentlich geschnitten, dann korrekt mit der Sauce \u00fcberzogen, anschliessend mit etwas Currypulver best\u00e4ubt und, wie es sich geh\u00f6rt, in der Pappschachtel mit Plastik-Pieker serviert. Und es gibt Brot dazu. Die Wurst ist nicht perfekt &#8211; irgendwie etwas z\u00e4h und nicht ordentlich angebraten, aber ansonsten kann man sich nicht beklagen.<\/p>\n<p>Nachdem es nun auch hier Currywurst gibt, bleibt nur noch ein Grund, nach Deutschland zu fahren: Eisdielen mit ihren zig Sorten an Eisbechern &#8211; hier auch g\u00e4nzlich unbekannt. Aber das ist eine andere Geschichte&#8230;<\/p>\n<p><a href=\"http:\/\/planetscooter.files.wordpress.com\/2013\/03\/39034712-foto-3.jpg\"><img data-recalc-dims=\"1\" loading=\"lazy\" decoding=\"async\" src=\"http:\/\/planetscooter.files.wordpress.com\/2013\/03\/39034712-foto-3.jpg?resize=525%2C392\" alt=\"\" width=\"525\" height=\"392\" class=\"alignnone size-full wp-image-1244\" srcset=\"https:\/\/i0.wp.com\/karsten-seiferlin.ch\/wp-content\/uploads\/2013\/03\/39034712-foto-3.jpg?w=2592 2592w, https:\/\/i0.wp.com\/karsten-seiferlin.ch\/wp-content\/uploads\/2013\/03\/39034712-foto-3.jpg?resize=300%2C224 300w, https:\/\/i0.wp.com\/karsten-seiferlin.ch\/wp-content\/uploads\/2013\/03\/39034712-foto-3.jpg?resize=768%2C574 768w, https:\/\/i0.wp.com\/karsten-seiferlin.ch\/wp-content\/uploads\/2013\/03\/39034712-foto-3.jpg?resize=1024%2C765 1024w, https:\/\/i0.wp.com\/karsten-seiferlin.ch\/wp-content\/uploads\/2013\/03\/39034712-foto-3.jpg?w=1575 1575w\" sizes=\"auto, (max-width: 767px) 89vw, (max-width: 1000px) 54vw, (max-width: 1071px) 543px, 580px\" \/><\/a><\/p>\n<h4> 197 views and 1 response<\/h4>\n<ul>\n<li>May 22 2012, 3:50 AM<br \/>\nMarkus responded:<\/p>\n<p>Super Artikel, bist genauso ein Gourmet wie wir.<br \/>\nIch habe mich gerade mit einem deutschen Kollegen \u00fcber die fehlende Currywurst und den fehlenden Eisl\u00e4den hier in Bern unterhalten.<br \/>\nDa passt dein Artikel super.<br \/>\nViele Gr\u00fcsse<\/li>\n<\/ul>\n","protected":false},"excerpt":{"rendered":"<p>Currywurst March 15 2012, 3:59 AM by Karsten Seiferlin Eines der ganz wenigen Dinge, die ich immer schon in der Schweiz vermisst habe, ist Currywurst. Wer h\u00e4tte das gedacht? ich habe in Deutschland Currywurst nie f\u00fcr etwas Besonderes gehalten. Junk Food halt\u2026 Aber hier in der Schweiz ist die Currywurst unbekannt (in S\u00fcddeutschland, sogar schon &hellip; <\/p>\n<p class=\"link-more\"><a href=\"http:\/\/karsten-seiferlin.ch\/?p=1242\" class=\"more-link\"><span class=\"screen-reader-text\">\u201eCurrywurst\u201c<\/span> weiterlesen<\/a><\/p>\n","protected":false},"author":1,"featured_media":0,"comment_status":"open","ping_status":"open","sticky":false,"template":"","format":"aside","meta":{"jetpack_post_was_ever_published":false,"_jetpack_newsletter_access":"","_jetpack_dont_email_post_to_subs":false,"_jetpack_newsletter_tier_id":0,"_jetpack_memberships_contains_paywalled_content":false,"_jetpack_memberships_contains_paid_content":false,"footnotes":"","jetpack_publicize_message":"","jetpack_publicize_feature_enabled":true,"jetpack_social_post_already_shared":false,"jetpack_social_options":{"image_generator_settings":{"template":"highway","default_image_id":0,"font":"","enabled":false},"version":2}},"categories":[1],"tags":[2,18,36,8],"class_list":["post-1242","post","type-post","status-publish","format-aside","hentry","category-uncategorized","tag-d","tag-kulinaria","tag-schweiz","tag-thoughts","post_format-post-format-aside"],"jetpack_publicize_connections":[],"jetpack_featured_media_url":"","jetpack_sharing_enabled":true,"jetpack_shortlink":"https:\/\/wp.me\/p8RZxm-k2","jetpack_likes_enabled":true,"_links":{"self":[{"href":"http:\/\/karsten-seiferlin.ch\/index.php?rest_route=\/wp\/v2\/posts\/1242","targetHints":{"allow":["GET"]}}],"collection":[{"href":"http:\/\/karsten-seiferlin.ch\/index.php?rest_route=\/wp\/v2\/posts"}],"about":[{"href":"http:\/\/karsten-seiferlin.ch\/index.php?rest_route=\/wp\/v2\/types\/post"}],"author":[{"embeddable":true,"href":"http:\/\/karsten-seiferlin.ch\/index.php?rest_route=\/wp\/v2\/users\/1"}],"replies":[{"embeddable":true,"href":"http:\/\/karsten-seiferlin.ch\/index.php?rest_route=%2Fwp%2Fv2%2Fcomments&post=1242"}],"version-history":[{"count":0,"href":"http:\/\/karsten-seiferlin.ch\/index.php?rest_route=\/wp\/v2\/posts\/1242\/revisions"}],"wp:attachment":[{"href":"http:\/\/karsten-seiferlin.ch\/index.php?rest_route=%2Fwp%2Fv2%2Fmedia&parent=1242"}],"wp:term":[{"taxonomy":"category","embeddable":true,"href":"http:\/\/karsten-seiferlin.ch\/index.php?rest_route=%2Fwp%2Fv2%2Fcategories&post=1242"},{"taxonomy":"post_tag","embeddable":true,"href":"http:\/\/karsten-seiferlin.ch\/index.php?rest_route=%2Fwp%2Fv2%2Ftags&post=1242"}],"curies":[{"name":"wp","href":"https:\/\/api.w.org\/{rel}","templated":true}]}}